{"id":224,"date":"2017-01-09T19:11:00","date_gmt":"2017-01-09T18:11:00","guid":{"rendered":"https:\/\/wordpress2397143.home.pl\/autoinstalator\/wordpressplugins7\/?p=224"},"modified":"2023-11-08T19:12:43","modified_gmt":"2023-11-08T18:12:43","slug":"remira-z-systemem-logomate-zaprasza-na-targi-2017","status":"publish","type":"post","link":"https:\/\/www.microsun.pl\/index.php\/2017\/01\/09\/remira-z-systemem-logomate-zaprasza-na-targi-2017\/","title":{"rendered":"REMIRA z systemem LogoMate\u00ae zaprasza na Targi 2017"},"content":{"rendered":"<div class=\"wp-block-image\">\n<figure class=\"alignright size-full is-resized\"><img decoding=\"async\" src=\"https:\/\/wordpress2397143.home.pl\/autoinstalator\/wordpressplugins7\/wp-content\/uploads\/2023\/11\/20.gif\" alt=\"\" class=\"wp-image-225\" width=\"329\" height=\"99\"\/><\/figure>\n<\/div>\n\n\n<p><em><strong>LogoMate<sup>\u00ae&nbsp;<\/sup><\/strong><\/em>na Targach w D\u00fcsseldorfie i w Stuttgarcie!<\/p>\n\n\n\n<p>Jak co roku firma REMIRA GmbH b\u0119dzie prezentowa\u0142a najnowsze osi\u0105gni\u0119cia w systemie&nbsp;<em><strong>LogoMate<sup>\u00ae&nbsp;<\/sup><\/strong><\/em>na&nbsp;Targach w D\u00fcsseldorfie i w Stuttgarcie. W dniach 05-09 marca 2017 zwiedzaj\u0105cy mog\u0105 nas odwiedzi\u0107 podczas Targ\u00f3w&nbsp;<strong><a href=\"http:\/\/www.euroshop-tradefair.com\/\">EuroShop<\/a><\/strong>&nbsp;w&nbsp;<strong>hali 6 na stanowisku 6B69<\/strong>. I ju\u017c kilka dni p\u00f3\u017aniej w Stuttgarcie w dniach 14-16 marca 2017 podczas Targ\u00f3w&nbsp;<a href=\"http:\/\/www.logimat-messe.de\/\"><strong>LogiMAT<\/strong><\/a>&nbsp;w&nbsp;<strong>hali 7 na stanowisku 7D21<\/strong>. Zapraszamy na nasze stanowiska. Bezpo\u015bredni kontakt z lud\u017ami na co dzie\u0144 wp\u0142ywaj\u0105cymi na rozw\u00f3j systemu&nbsp;<em><strong>LogoMate<sup>\u00ae&nbsp;<\/sup><\/strong><\/em>mo\u017ce by\u0107 ciekawym prze\u017cyciem i do\u015bwiadczeniem, kt\u00f3re efektem mo\u017ce okaza\u0107 si\u0119 wdro\u017cenie inteligentnego rozwi\u0105zania w Twojej firmie. Zapraszamy do skorzystania z wolnych wej\u015bci\u00f3wek na targi. Mo\u017cna je zarezerwowa\u0107 rejestruj\u0105c si\u0119 ju\u017c dzisiaj&nbsp;<a href=\"https:\/\/www.remira.de\/veranstaltungen\/messen-2017\">tutaj<\/a>&nbsp;lub bezpo\u015brednio na tej stronie&nbsp;<a href=\"http:\/\/www.microsun.pl\/misc\/targi\">tutaj<\/a>.<\/p>\n","protected":false},"excerpt":{"rendered":"<p>LogoMate\u00ae&nbsp;na Targach w D\u00fcsseldorfie i w Stuttgarcie! Jak co roku firma REMIRA GmbH b\u0119dzie prezentowa\u0142a najnowsze osi\u0105gni\u0119cia w systemie&nbsp;LogoMate\u00ae&nbsp;na&nbsp;Targach w D\u00fcsseldorfie i w Stuttgarcie. W dniach 05-09 marca 2017 zwiedzaj\u0105cy mog\u0105 nas odwiedzi\u0107 podczas Targ\u00f3w&nbsp;EuroShop&nbsp;w&nbsp;hali 6 na stanowisku 6B69. I ju\u017c kilka dni p\u00f3\u017aniej w Stuttgarcie w dniach 14-16 marca 2017 podczas Targ\u00f3w&nbsp;LogiMAT&nbsp;w&nbsp;hali 7 na &hellip; <a href=\"https:\/\/www.microsun.pl\/index.php\/2017\/01\/09\/remira-z-systemem-logomate-zaprasza-na-targi-2017\/\" class=\"more-link\">Continue reading<span class=\"screen-reader-text\"> &#8222;REMIRA z systemem LogoMate\u00ae zaprasza na Targi 2017&#8221;<\/span><\/a><\/p>\n","protected":false},"author":3,"featured_media":225,"comment_status":"open","ping_status":"open","sticky":false,"template":"","format":"standard","meta":{"cybocfi_hide_featured_image":"yes","footnotes":""},"categories":[1],"tags":[],"class_list":["post-224","post","type-post","status-publish","format-standard","has-post-thumbnail","hentry","category-aktualnosci"],"yoast_head":"<!-- This site is optimized with the Yoast SEO plugin v27.5 - https:\/\/yoast.com\/product\/yoast-seo-wordpress\/ -->\n<title>REMIRA z systemem LogoMate\u00ae zaprasza na Targi 2017 - Micro-Sun<\/title>\n<meta name=\"robots\" content=\"index, follow, max-snippet:-1, max-image-preview:large, max-video-preview:-1\" \/>\n<link rel=\"canonical\" href=\"https:\/\/www.microsun.pl\/index.php\/2017\/01\/09\/remira-z-systemem-logomate-zaprasza-na-targi-2017\/\" \/>\n<meta property=\"og:locale\" content=\"pl_PL\" \/>\n<meta property=\"og:type\" content=\"article\" \/>\n<meta property=\"og:title\" content=\"REMIRA z systemem LogoMate\u00ae zaprasza na Targi 2017 - Micro-Sun\" \/>\n<meta property=\"og:description\" content=\"LogoMate\u00ae&nbsp;na Targach w D\u00fcsseldorfie i w Stuttgarcie! Jak co roku firma REMIRA GmbH b\u0119dzie prezentowa\u0142a najnowsze osi\u0105gni\u0119cia w systemie&nbsp;LogoMate\u00ae&nbsp;na&nbsp;Targach w D\u00fcsseldorfie i w Stuttgarcie. W dniach 05-09 marca 2017 zwiedzaj\u0105cy mog\u0105 nas odwiedzi\u0107 podczas Targ\u00f3w&nbsp;EuroShop&nbsp;w&nbsp;hali 6 na stanowisku 6B69. I ju\u017c kilka dni p\u00f3\u017aniej w Stuttgarcie w dniach 14-16 marca 2017 podczas Targ\u00f3w&nbsp;LogiMAT&nbsp;w&nbsp;hali 7 na &hellip; Continue reading &quot;REMIRA z systemem LogoMate\u00ae zaprasza na Targi 2017&quot;\" \/>\n<meta property=\"og:url\" content=\"https:\/\/www.microsun.pl\/index.php\/2017\/01\/09\/remira-z-systemem-logomate-zaprasza-na-targi-2017\/\" \/>\n<meta property=\"og:site_name\" content=\"Micro-Sun\" \/>\n<meta property=\"article:published_time\" content=\"2017-01-09T18:11:00+00:00\" \/>\n<meta property=\"article:modified_time\" content=\"2023-11-08T18:12:43+00:00\" \/>\n<meta property=\"og:image\" content=\"https:\/\/www.microsun.pl\/wp-content\/uploads\/2023\/11\/20.gif\" \/>\n\t<meta property=\"og:image:width\" content=\"400\" \/>\n\t<meta property=\"og:image:height\" content=\"120\" \/>\n\t<meta property=\"og:image:type\" content=\"image\/gif\" \/>\n<meta name=\"author\" content=\"Marek Rakowski\" \/>\n<meta name=\"twitter:card\" content=\"summary_large_image\" \/>\n<meta name=\"twitter:label1\" content=\"Napisane przez\" \/>\n\t<meta name=\"twitter:data1\" content=\"Marek Rakowski\" \/>\n\t<meta name=\"twitter:label2\" content=\"Szacowany czas czytania\" \/>\n\t<meta name=\"twitter:data2\" content=\"1 minuta\" \/>\n<script type=\"application\/ld+json\" class=\"yoast-schema-graph\">{\"@context\":\"https:\\\/\\\/schema.org\",\"@graph\":[{\"@type\":\"Article\",\"@id\":\"https:\\\/\\\/www.microsun.pl\\\/index.php\\\/2017\\\/01\\\/09\\\/remira-z-systemem-logomate-zaprasza-na-targi-2017\\\/#article\",\"isPartOf\":{\"@id\":\"https:\\\/\\\/www.microsun.pl\\\/index.php\\\/2017\\\/01\\\/09\\\/remira-z-systemem-logomate-zaprasza-na-targi-2017\\\/\"},\"author\":{\"name\":\"Marek Rakowski\",\"@id\":\"https:\\\/\\\/www.microsun.pl\\\/#\\\/schema\\\/person\\\/f5987745fe3e110ac96c4103d75a6a3e\"},\"headline\":\"REMIRA z systemem LogoMate\u00ae zaprasza na Targi 2017\",\"datePublished\":\"2017-01-09T18:11:00+00:00\",\"dateModified\":\"2023-11-08T18:12:43+00:00\",\"mainEntityOfPage\":{\"@id\":\"https:\\\/\\\/www.microsun.pl\\\/index.php\\\/2017\\\/01\\\/09\\\/remira-z-systemem-logomate-zaprasza-na-targi-2017\\\/\"},\"wordCount\":167,\"commentCount\":0,\"publisher\":{\"@id\":\"https:\\\/\\\/www.microsun.pl\\\/#organization\"},\"image\":{\"@id\":\"https:\\\/\\\/www.microsun.pl\\\/index.php\\\/2017\\\/01\\\/09\\\/remira-z-systemem-logomate-zaprasza-na-targi-2017\\\/#primaryimage\"},\"thumbnailUrl\":\"https:\\\/\\\/www.microsun.pl\\\/wp-content\\\/uploads\\\/2023\\\/11\\\/20.gif\",\"articleSection\":[\"Aktualno\u015bci\"],\"inLanguage\":\"pl-PL\"},{\"@type\":\"WebPage\",\"@id\":\"https:\\\/\\\/www.microsun.pl\\\/index.php\\\/2017\\\/01\\\/09\\\/remira-z-systemem-logomate-zaprasza-na-targi-2017\\\/\",\"url\":\"https:\\\/\\\/www.microsun.pl\\\/index.php\\\/2017\\\/01\\\/09\\\/remira-z-systemem-logomate-zaprasza-na-targi-2017\\\/\",\"name\":\"REMIRA z systemem LogoMate\u00ae zaprasza na Targi 2017 - Micro-Sun\",\"isPartOf\":{\"@id\":\"https:\\\/\\\/www.microsun.pl\\\/#website\"},\"primaryImageOfPage\":{\"@id\":\"https:\\\/\\\/www.microsun.pl\\\/index.php\\\/2017\\\/01\\\/09\\\/remira-z-systemem-logomate-zaprasza-na-targi-2017\\\/#primaryimage\"},\"image\":{\"@id\":\"https:\\\/\\\/www.microsun.pl\\\/index.php\\\/2017\\\/01\\\/09\\\/remira-z-systemem-logomate-zaprasza-na-targi-2017\\\/#primaryimage\"},\"thumbnailUrl\":\"https:\\\/\\\/www.microsun.pl\\\/wp-content\\\/uploads\\\/2023\\\/11\\\/20.gif\",\"datePublished\":\"2017-01-09T18:11:00+00:00\",\"dateModified\":\"2023-11-08T18:12:43+00:00\",\"inLanguage\":\"pl-PL\",\"potentialAction\":[{\"@type\":\"ReadAction\",\"target\":[\"https:\\\/\\\/www.microsun.pl\\\/index.php\\\/2017\\\/01\\\/09\\\/remira-z-systemem-logomate-zaprasza-na-targi-2017\\\/\"]}]},{\"@type\":\"WebSite\",\"@id\":\"https:\\\/\\\/www.microsun.pl\\\/#website\",\"url\":\"https:\\\/\\\/www.microsun.pl\\\/\",\"name\":\"Micro-Sun\",\"description\":\"Optymalizacja zapas\u00f3w magazynowych\",\"publisher\":{\"@id\":\"https:\\\/\\\/www.microsun.pl\\\/#organization\"},\"potentialAction\":[{\"@type\":\"SearchAction\",\"target\":{\"@type\":\"EntryPoint\",\"urlTemplate\":\"https:\\\/\\\/www.microsun.pl\\\/?s={search_term_string}\"},\"query-input\":{\"@type\":\"PropertyValueSpecification\",\"valueRequired\":true,\"valueName\":\"search_term_string\"}}],\"inLanguage\":\"pl-PL\"},{\"@type\":\"Organization\",\"@id\":\"https:\\\/\\\/www.microsun.pl\\\/#organization\",\"name\":\"Micro-Sun Marek Rakowski\",\"url\":\"https:\\\/\\\/www.microsun.pl\\\/\",\"logo\":{\"@type\":\"ImageObject\",\"inLanguage\":\"pl-PL\",\"@id\":\"https:\\\/\\\/www.microsun.pl\\\/#\\\/schema\\\/logo\\\/image\\\/\",\"url\":\"https:\\\/\\\/www.microsun.pl\\\/wp-content\\\/uploads\\\/2023\\\/11\\\/micro-sun-logo-copy.bmp\",\"contentUrl\":\"https:\\\/\\\/www.microsun.pl\\\/wp-content\\\/uploads\\\/2023\\\/11\\\/micro-sun-logo-copy.bmp\",\"width\":258,\"height\":221,\"caption\":\"Micro-Sun Marek Rakowski\"},\"image\":{\"@id\":\"https:\\\/\\\/www.microsun.pl\\\/#\\\/schema\\\/logo\\\/image\\\/\"}},{\"@type\":\"Person\",\"@id\":\"https:\\\/\\\/www.microsun.pl\\\/#\\\/schema\\\/person\\\/f5987745fe3e110ac96c4103d75a6a3e\",\"name\":\"Marek Rakowski\",\"image\":{\"@type\":\"ImageObject\",\"inLanguage\":\"pl-PL\",\"@id\":\"https:\\\/\\\/secure.gravatar.com\\\/avatar\\\/c02917225a40169102fda148e3fda27b7f45a32a620b0fccd4aa74808ed5efef?s=96&d=mm&r=g\",\"url\":\"https:\\\/\\\/secure.gravatar.com\\\/avatar\\\/c02917225a40169102fda148e3fda27b7f45a32a620b0fccd4aa74808ed5efef?s=96&d=mm&r=g\",\"contentUrl\":\"https:\\\/\\\/secure.gravatar.com\\\/avatar\\\/c02917225a40169102fda148e3fda27b7f45a32a620b0fccd4aa74808ed5efef?s=96&d=mm&r=g\",\"caption\":\"Marek Rakowski\"},\"sameAs\":[\"http:\\\/\\\/microsun.pl\"],\"url\":\"https:\\\/\\\/www.microsun.pl\\\/index.php\\\/author\\\/mrak\\\/\"}]}<\/script>\n<!-- \/ Yoast SEO plugin. -->","yoast_head_json":{"title":"REMIRA z systemem LogoMate\u00ae zaprasza na Targi 2017 - Micro-Sun","robots":{"index":"index","follow":"follow","max-snippet":"max-snippet:-1","max-image-preview":"max-image-preview:large","max-video-preview":"max-video-preview:-1"},"canonical":"https:\/\/www.microsun.pl\/index.php\/2017\/01\/09\/remira-z-systemem-logomate-zaprasza-na-targi-2017\/","og_locale":"pl_PL","og_type":"article","og_title":"REMIRA z systemem LogoMate\u00ae zaprasza na Targi 2017 - Micro-Sun","og_description":"LogoMate\u00ae&nbsp;na Targach w D\u00fcsseldorfie i w Stuttgarcie! Jak co roku firma REMIRA GmbH b\u0119dzie prezentowa\u0142a najnowsze osi\u0105gni\u0119cia w systemie&nbsp;LogoMate\u00ae&nbsp;na&nbsp;Targach w D\u00fcsseldorfie i w Stuttgarcie. W dniach 05-09 marca 2017 zwiedzaj\u0105cy mog\u0105 nas odwiedzi\u0107 podczas Targ\u00f3w&nbsp;EuroShop&nbsp;w&nbsp;hali 6 na stanowisku 6B69. I ju\u017c kilka dni p\u00f3\u017aniej w Stuttgarcie w dniach 14-16 marca 2017 podczas Targ\u00f3w&nbsp;LogiMAT&nbsp;w&nbsp;hali 7 na &hellip; Continue reading \"REMIRA z systemem LogoMate\u00ae zaprasza na Targi 2017\"","og_url":"https:\/\/www.microsun.pl\/index.php\/2017\/01\/09\/remira-z-systemem-logomate-zaprasza-na-targi-2017\/","og_site_name":"Micro-Sun","article_published_time":"2017-01-09T18:11:00+00:00","article_modified_time":"2023-11-08T18:12:43+00:00","og_image":[{"width":400,"height":120,"url":"https:\/\/www.microsun.pl\/wp-content\/uploads\/2023\/11\/20.gif","type":"image\/gif"}],"author":"Marek Rakowski","twitter_card":"summary_large_image","twitter_misc":{"Napisane przez":"Marek Rakowski","Szacowany czas czytania":"1 minuta"},"schema":{"@context":"https:\/\/schema.org","@graph":[{"@type":"Article","@id":"https:\/\/www.microsun.pl\/index.php\/2017\/01\/09\/remira-z-systemem-logomate-zaprasza-na-targi-2017\/#article","isPartOf":{"@id":"https:\/\/www.microsun.pl\/index.php\/2017\/01\/09\/remira-z-systemem-logomate-zaprasza-na-targi-2017\/"},"author":{"name":"Marek Rakowski","@id":"https:\/\/www.microsun.pl\/#\/schema\/person\/f5987745fe3e110ac96c4103d75a6a3e"},"headline":"REMIRA z systemem LogoMate\u00ae zaprasza na Targi 2017","datePublished":"2017-01-09T18:11:00+00:00","dateModified":"2023-11-08T18:12:43+00:00","mainEntityOfPage":{"@id":"https:\/\/www.microsun.pl\/index.php\/2017\/01\/09\/remira-z-systemem-logomate-zaprasza-na-targi-2017\/"},"wordCount":167,"commentCount":0,"publisher":{"@id":"https:\/\/www.microsun.pl\/#organization"},"image":{"@id":"https:\/\/www.microsun.pl\/index.php\/2017\/01\/09\/remira-z-systemem-logomate-zaprasza-na-targi-2017\/#primaryimage"},"thumbnailUrl":"https:\/\/www.microsun.pl\/wp-content\/uploads\/2023\/11\/20.gif","articleSection":["Aktualno\u015bci"],"inLanguage":"pl-PL"},{"@type":"WebPage","@id":"https:\/\/www.microsun.pl\/index.php\/2017\/01\/09\/remira-z-systemem-logomate-zaprasza-na-targi-2017\/","url":"https:\/\/www.microsun.pl\/index.php\/2017\/01\/09\/remira-z-systemem-logomate-zaprasza-na-targi-2017\/","name":"REMIRA z systemem LogoMate\u00ae zaprasza na Targi 2017 - Micro-Sun","isPartOf":{"@id":"https:\/\/www.microsun.pl\/#website"},"primaryImageOfPage":{"@id":"https:\/\/www.microsun.pl\/index.php\/2017\/01\/09\/remira-z-systemem-logomate-zaprasza-na-targi-2017\/#primaryimage"},"image":{"@id":"https:\/\/www.microsun.pl\/index.php\/2017\/01\/09\/remira-z-systemem-logomate-zaprasza-na-targi-2017\/#primaryimage"},"thumbnailUrl":"https:\/\/www.microsun.pl\/wp-content\/uploads\/2023\/11\/20.gif","datePublished":"2017-01-09T18:11:00+00:00","dateModified":"2023-11-08T18:12:43+00:00","inLanguage":"pl-PL","potentialAction":[{"@type":"ReadAction","target":["https:\/\/www.microsun.pl\/index.php\/2017\/01\/09\/remira-z-systemem-logomate-zaprasza-na-targi-2017\/"]}]},{"@type":"WebSite","@id":"https:\/\/www.microsun.pl\/#website","url":"https:\/\/www.microsun.pl\/","name":"Micro-Sun","description":"Optymalizacja zapas\u00f3w magazynowych","publisher":{"@id":"https:\/\/www.microsun.pl\/#organization"},"potentialAction":[{"@type":"SearchAction","target":{"@type":"EntryPoint","urlTemplate":"https:\/\/www.microsun.pl\/?s={search_term_string}"},"query-input":{"@type":"PropertyValueSpecification","valueRequired":true,"valueName":"search_term_string"}}],"inLanguage":"pl-PL"},{"@type":"Organization","@id":"https:\/\/www.microsun.pl\/#organization","name":"Micro-Sun Marek Rakowski","url":"https:\/\/www.microsun.pl\/","logo":{"@type":"ImageObject","inLanguage":"pl-PL","@id":"https:\/\/www.microsun.pl\/#\/schema\/logo\/image\/","url":"https:\/\/www.microsun.pl\/wp-content\/uploads\/2023\/11\/micro-sun-logo-copy.bmp","contentUrl":"https:\/\/www.microsun.pl\/wp-content\/uploads\/2023\/11\/micro-sun-logo-copy.bmp","width":258,"height":221,"caption":"Micro-Sun Marek Rakowski"},"image":{"@id":"https:\/\/www.microsun.pl\/#\/schema\/logo\/image\/"}},{"@type":"Person","@id":"https:\/\/www.microsun.pl\/#\/schema\/person\/f5987745fe3e110ac96c4103d75a6a3e","name":"Marek Rakowski","image":{"@type":"ImageObject","inLanguage":"pl-PL","@id":"https:\/\/secure.gravatar.com\/avatar\/c02917225a40169102fda148e3fda27b7f45a32a620b0fccd4aa74808ed5efef?s=96&d=mm&r=g","url":"https:\/\/secure.gravatar.com\/avatar\/c02917225a40169102fda148e3fda27b7f45a32a620b0fccd4aa74808ed5efef?s=96&d=mm&r=g","contentUrl":"https:\/\/secure.gravatar.com\/avatar\/c02917225a40169102fda148e3fda27b7f45a32a620b0fccd4aa74808ed5efef?s=96&d=mm&r=g","caption":"Marek Rakowski"},"sameAs":["http:\/\/microsun.pl"],"url":"https:\/\/www.microsun.pl\/index.php\/author\/mrak\/"}]}},"_links":{"self":[{"href":"https:\/\/www.microsun.pl\/index.php\/wp-json\/wp\/v2\/posts\/224","targetHints":{"allow":["GET"]}}],"collection":[{"href":"https:\/\/www.microsun.pl\/index.php\/wp-json\/wp\/v2\/posts"}],"about":[{"href":"https:\/\/www.microsun.pl\/index.php\/wp-json\/wp\/v2\/types\/post"}],"author":[{"embeddable":true,"href":"https:\/\/www.microsun.pl\/index.php\/wp-json\/wp\/v2\/users\/3"}],"replies":[{"embeddable":true,"href":"https:\/\/www.microsun.pl\/index.php\/wp-json\/wp\/v2\/comments?post=224"}],"version-history":[{"count":1,"href":"https:\/\/www.microsun.pl\/index.php\/wp-json\/wp\/v2\/posts\/224\/revisions"}],"predecessor-version":[{"id":226,"href":"https:\/\/www.microsun.pl\/index.php\/wp-json\/wp\/v2\/posts\/224\/revisions\/226"}],"wp:featuredmedia":[{"embeddable":true,"href":"https:\/\/www.microsun.pl\/index.php\/wp-json\/wp\/v2\/media\/225"}],"wp:attachment":[{"href":"https:\/\/www.microsun.pl\/index.php\/wp-json\/wp\/v2\/media?parent=224"}],"wp:term":[{"taxonomy":"category","embeddable":true,"href":"https:\/\/www.microsun.pl\/index.php\/wp-json\/wp\/v2\/categories?post=224"},{"taxonomy":"post_tag","embeddable":true,"href":"https:\/\/www.microsun.pl\/index.php\/wp-json\/wp\/v2\/tags?post=224"}],"curies":[{"name":"wp","href":"https:\/\/api.w.org\/{rel}","templated":true}]}}